{"id":213,"date":"2007-08-22T19:14:48","date_gmt":"2007-08-22T19:14:48","guid":{"rendered":"http:\/\/www.technocarotte.com\/?p=213"},"modified":"2007-08-22T19:14:48","modified_gmt":"2007-08-22T19:14:48","slug":"videotron-la-suite","status":"publish","type":"post","link":"https:\/\/www.technocarotte.com\/index.php\/2007\/08\/22\/videotron-la-suite\/","title":{"rendered":"Videotron, la suite&#8230;"},"content":{"rendered":"<p>Ce matin \u00e0 la radio 98.5FM, Isabelle Dessureault, vice-pr\u00e9sidente aux affaires corporatives chez Videotron discute avec Paul Arcand du changement au service internet extr\u00eame.<\/p>\n<p><!--more--><\/p>\n<p>L&rsquo;entrevue dure 12 minutes, mais un m\u00e9chant douze minutes&#8230; (dans le bon sens, croyez-moi!)<\/p>\n<p>Paul Arcand reste poli, mais pose les questions que les VRAIS gens se posent&#8230;<\/p>\n<p>Remarquez que madame Dessureault parle toujours de r\u00e9siliation de contrat. Vous n&#8217;\u00eates pas content, quittez Videotron&#8230; pour elle c&rsquo;est aussi simple que \u00e7a!<\/p>\n<p>R\u00e9galez-vous \ud83d\ude42<\/p>\n<div style=\"text-align:center;\"> <object classid=\"clsid:d27cdb6e-ae6d-11cf-96b8-444553540000\" codebase=\"http:\/\/fpdownload.macromedia.com\/pub\/shockwave\/cabs\/flash\/swflash.cab#version=7,0,0,0\" width=\"200\" height=\"20\" id=\"dewplayer\" align=\"middle\"><param name=\"allowScriptAccess\" value=\"sameDomain\" \/><param name=\"movie\" value=\"https:\/\/www.technocarotte.com\/mp3player\/dewplayer.swf?son=https:\/\/www.technocarotte.com\/share\/audio\/entrevue_Isabelle_Dessureault_Videotron.mp3&amp;bgcolor=000000\" \/><param name=\"quality\" value=\"high\" \/><param name=\"bgcolor\" value=\"000000\" \/><embed src=\"https:\/\/www.technocarotte.com\/mp3player\/dewplayer.swf?son=https:\/\/www.technocarotte.com\/share\/audio\/entrevue_Isabelle_Dessureault_Videotron.mp3&amp;bgcolor=000000\" quality=\"high\" bgcolor=\"FFFFFF\" width=\"200\" height=\"20\" name=\"dewplayer\" align=\"middle\" allowScriptAccess=\"sameDomain\" type=\"application\/x-shockwave-flash\" pluginspage=\"http:\/\/www.macromedia.com\/go\/getflashplayer\"><\/embed><\/object> <\/div>\n","protected":false},"excerpt":{"rendered":"<p>Ce matin \u00e0 la radio 98.5FM, Isabelle Dessureault, vice-pr\u00e9sidente aux affaires corporatives chez Videotron discute avec Paul Arcand du changement au service internet extr\u00eame.<\/p>\n","protected":false},"author":3,"featured_media":0,"comment_status":"open","ping_status":"open","sticky":false,"template":"","format":"standard","meta":{"footnotes":""},"categories":[17],"tags":[],"class_list":["post-213","post","type-post","status-publish","format-standard","hentry","category-internet"],"_links":{"self":[{"href":"https:\/\/www.technocarotte.com\/index.php\/wp-json\/wp\/v2\/posts\/213","targetHints":{"allow":["GET"]}}],"collection":[{"href":"https:\/\/www.technocarotte.com\/index.php\/wp-json\/wp\/v2\/posts"}],"about":[{"href":"https:\/\/www.technocarotte.com\/index.php\/wp-json\/wp\/v2\/types\/post"}],"author":[{"embeddable":true,"href":"https:\/\/www.technocarotte.com\/index.php\/wp-json\/wp\/v2\/users\/3"}],"replies":[{"embeddable":true,"href":"https:\/\/www.technocarotte.com\/index.php\/wp-json\/wp\/v2\/comments?post=213"}],"version-history":[{"count":0,"href":"https:\/\/www.technocarotte.com\/index.php\/wp-json\/wp\/v2\/posts\/213\/revisions"}],"wp:attachment":[{"href":"https:\/\/www.technocarotte.com\/index.php\/wp-json\/wp\/v2\/media?parent=213"}],"wp:term":[{"taxonomy":"category","embeddable":true,"href":"https:\/\/www.technocarotte.com\/index.php\/wp-json\/wp\/v2\/categories?post=213"},{"taxonomy":"post_tag","embeddable":true,"href":"https:\/\/www.technocarotte.com\/index.php\/wp-json\/wp\/v2\/tags?post=213"}],"curies":[{"name":"wp","href":"https:\/\/api.w.org\/{rel}","templated":true}]}}