{"id":141,"date":"2007-05-19T16:38:50","date_gmt":"2007-05-19T16:38:50","guid":{"rendered":"http:\/\/www.technocarotte.com\/?p=141"},"modified":"2007-05-19T16:38:50","modified_gmt":"2007-05-19T16:38:50","slug":"bon-conge","status":"publish","type":"post","link":"https:\/\/www.technocarotte.com\/index.php\/2007\/05\/19\/bon-conge\/","title":{"rendered":"Bon cong\u00e9"},"content":{"rendered":"<p>L&rsquo;\u00e9quipe de Technocarotte vous souhaite un bon cong\u00e9 pour la \u00ab&nbsp;f\u00eate des Patriotes&nbsp;\u00bb.<\/p>\n<p>Nous vous revenons mardi, mais en attendant, voici un peu l&rsquo;histoire de cette f\u00eate.<\/p>\n<p><!--more--><\/p>\n<p>La Journ\u00e9e nationale des Patriotes sera un jour f\u00e9ri\u00e9 en mai chaque ann\u00e9e a annonc\u00e9 le premier ministre du Qu\u00e9bec, Bernard Landry, lors de la comm\u00e9moration annuelle de la R\u00e9bellion de 1837-1838, \u00e0 Saint-Denis-sur-Richelieu, en Mont\u00e9r\u00e9gie.<\/p>\n<p>Un d\u00e9cret en ce sens sera adopt\u00e9 cette semaine par le Conseil des ministres. Traditionnellement d\u00e9sign\u00e9 sous le vocable de F\u00eate de Dollard, la Journ\u00e9e nationale des Patriotes sera c\u00e9l\u00e9br\u00e9e le lundi pr\u00e9c\u00e9dant imm\u00e9diatement le 25 mai. BernardLandry, premier ministre du Qu\u00e9bec<\/p>\n<p>Le premier ministre du Qu\u00e9bec, Bernard Landry, a fait son annonce \u00e0 Saint-Denis-sur-Richelieu<\/p>\n<p>\u00abComme il y a d\u00e9j\u00e0 cette journ\u00e9e qui est la journ\u00e9e de la reine Victoria pour plusieurs au Canada, \u00e7a sera la Journ\u00e9e nationale des Patriotes en devoir de gratitude et de m\u00e9moire pour ceux qui nous ont donn\u00e9 notre d\u00e9mocratie\u00bb, a d\u00e9clar\u00e9 le premier ministre qu\u00e9b\u00e9cois.<\/p>\n<p>Au Canada, chaque lundi pr\u00e9c\u00e9dant le 25 mai est consid\u00e9r\u00e9 f\u00e9ri\u00e9, pour souligner l&rsquo;anniversaire de naissance de la Reine Victoria, en 1837. Au Qu\u00e9bec cependant, la f\u00eate de Dollard avait \u00e9t\u00e9 institu\u00e9e le m\u00eame jour en l&rsquo;honneur de Dollard des Ormeaux, qui a fait le sacrifice supr\u00eame pour sa patrie en 1660, repoussant une agression iroquoise.<\/p>\n<p>L&rsquo;institution d&rsquo;une Journ\u00e9e nationale des Patriotes \u00e9tait une vieille revendication de militants ind\u00e9pendantistes de l&rsquo;Estrie.<\/p>\n<p>\u00abCe jour f\u00e9ri\u00e9 soulignera la lutte des Patriotes de 1837-1838 pour la reconnaissance nationale de notre peuple, pour sa libert\u00e9 politique et pour l&rsquo;obtention d&rsquo;un syst\u00e8me de gouvernement d\u00e9mocratique, a soulign\u00e9 M. Landry. Il rappellera notamment les efforts de d\u00e9mocrates \u00e9clair\u00e9s, de Daniel Tracy \u00e0 John Neilson, d&rsquo;Armury Girod \u00e0 Louis-Joseph Papineau.\u00bb<\/p>\n<p>Le remplacement du jour f\u00e9ri\u00e9 de Dollard par la Journ\u00e9e nationale des Patriotes a \u00e9t\u00e9 motiv\u00e9 par l&rsquo;existence d&rsquo;\u00e9v\u00e9nements marquants de l&rsquo;histoire du Qu\u00e9bec \u00e0 cette p\u00e9riode de l&rsquo;ann\u00e9e, a-t-on rappel\u00e9 par voie de communiqu\u00e9. Au mois de mai 1837, plusieurs assembl\u00e9es publiques ont eu lieu partout au Qu\u00e9bec en r\u00e9ponse \u00e0 la d\u00e9cision de Londres de rejeter les revendications des Patriotes. Ces derniers r\u00e9clamaient principalement le contr\u00f4le du budget par les \u00e9lus, l&rsquo;\u00e9lectivit\u00e9 des ministres et un gouvernement responsable.<\/p>\n","protected":false},"excerpt":{"rendered":"<p>L&rsquo;\u00e9quipe de Technocarotte vous souhaite un bon cong\u00e9 pour la \u00ab&nbsp;f\u00eate des Patriotes&nbsp;\u00bb.<\/p>\n<p>Nous vous revenons mardi, mais en attendant, voici un peu l&rsquo;histoire de cette f\u00eate.<\/p>\n","protected":false},"author":3,"featured_media":0,"comment_status":"open","ping_status":"open","sticky":false,"template":"","format":"standard","meta":{"footnotes":""},"categories":[4],"tags":[],"class_list":["post-141","post","type-post","status-publish","format-standard","hentry","category-general"],"_links":{"self":[{"href":"https:\/\/www.technocarotte.com\/index.php\/wp-json\/wp\/v2\/posts\/141","targetHints":{"allow":["GET"]}}],"collection":[{"href":"https:\/\/www.technocarotte.com\/index.php\/wp-json\/wp\/v2\/posts"}],"about":[{"href":"https:\/\/www.technocarotte.com\/index.php\/wp-json\/wp\/v2\/types\/post"}],"author":[{"embeddable":true,"href":"https:\/\/www.technocarotte.com\/index.php\/wp-json\/wp\/v2\/users\/3"}],"replies":[{"embeddable":true,"href":"https:\/\/www.technocarotte.com\/index.php\/wp-json\/wp\/v2\/comments?post=141"}],"version-history":[{"count":0,"href":"https:\/\/www.technocarotte.com\/index.php\/wp-json\/wp\/v2\/posts\/141\/revisions"}],"wp:attachment":[{"href":"https:\/\/www.technocarotte.com\/index.php\/wp-json\/wp\/v2\/media?parent=141"}],"wp:term":[{"taxonomy":"category","embeddable":true,"href":"https:\/\/www.technocarotte.com\/index.php\/wp-json\/wp\/v2\/categories?post=141"},{"taxonomy":"post_tag","embeddable":true,"href":"https:\/\/www.technocarotte.com\/index.php\/wp-json\/wp\/v2\/tags?post=141"}],"curies":[{"name":"wp","href":"https:\/\/api.w.org\/{rel}","templated":true}]}}